{"id":1528,"date":"2024-11-01T14:56:36","date_gmt":"2024-11-01T14:56:36","guid":{"rendered":"https:\/\/rescue.erasmus.site\/?p=1528"},"modified":"2024-12-13T07:48:27","modified_gmt":"2024-12-13T07:48:27","slug":"plastic-europe","status":"publish","type":"post","link":"https:\/\/rescue.erasmus.site\/pl\/2024\/11\/01\/plastic-europe\/","title":{"rendered":"Plastikowa Europa?"},"content":{"rendered":"<p>Odpady plastikowe sta\u0142y si\u0119 w ostatnich latach <strong>g\u0142\u00f3wnym problemem dla \u015brodowiskowym, przemys\u0142owym i politycznym<\/strong>, zar\u00f3wno w Europie, jak i na \u015bwiecie. Kluczow\u0105 luk\u0105 w debatach na ten temat jest jednak brak wiarygodnych danych na temat faktycznej ilo\u015bci odpad\u00f3w plastikowych.<\/p>\n<p>W badaniu przedstawiono nowe wyniki dotycz\u0105ce ilo\u015bci odpad\u00f3w plastikowych w Europie (UE 27+3). Wynika z nich, \u017ce Europa generuje oko\u0142o <strong>45 milion\u00f3w ton plastiku rocznie<\/strong> &#8211; o 50% wi\u0119cej ni\u017c 25-30 milion\u00f3w ton zak\u0142adanych przez decydent\u00f3w i przemys\u0142.<\/p>\n<p>G\u0142\u00f3wnym uzasadnieniem tego jest to, \u017ce plastik nie ma tak zamkni\u0119tego obiegu, jak zwykle s\u0105dzono: tylko 15% plastiku wycofanego z eksploatacji jest co roku poddawane recyklingowi w celu uzyskania nowych materia\u0142\u00f3w. Reszta jest sk\u0142adowana lub spalana w celu produkcji ciep\u0142a i energii (<a href=\"https:\/\/materialeconomics.com\/publications\/europes-missing-plastics\">Material Economics, 2021<\/a>).<\/p>\n<p>\u015awiadomo\u015b\u0107 wobec problem\u00f3w zwi\u0105zanych z ogromnym zu\u017cyciem plastiku oraz wynikaj\u0105cym z tego odpad\u00f3w plastikowych sk\u0142oni\u0142a ju\u017c wiele os\u00f3b do podj\u0119cia dzia\u0142a\u0144. Istnieje wiele przyk\u0142ad\u00f3w efektywnych rozwi\u0105za\u0144 stosowanych przez osoby prywatne, inicjatywy i w\u0142adze lokalne w zakresie unikania plastiku lub usuwania odpad\u00f3w plastikowych z wra\u017cliwych ekosystem\u00f3w, takich jak brzegi rzek lub regiony przybrze\u017cne.<\/p>\n<p>Przyk\u0142adem tego mo\u017ce by\u0107 kampania \u201e<a href=\"https:\/\/www.plastic-pirates.eu\/en\">Plastic Pirates \u2013 Go Europe<\/a>\u201d, w ramach kt\u00f3rej klasy szkolne lub pozaszkolne grupy m\u0142odzie\u017cy mog\u0105 pom\u00f3c w prowadzeniu bada\u0144 nad zanieczyszczeniem zbiornik\u00f3w wodnych poprzez zbieranie odpad\u00f3w plastikowych i przesy\u0142anie danych na temat ilo\u015bci odpad\u00f3w znalezionych na danym terenie.<\/p>\n<p>Wi\u0119cej pomys\u0142\u00f3w na ograniczenie zanieczyszczenia plastikiem mo\u017cna znale\u017a\u0107 na naszym \u201e<a href=\"https:\/\/rescue.erasmus.site\/e-learning\/green-portal\/?gpid=1\">Zielonym Portalu<\/a>\u201d.<\/p>","protected":false},"excerpt":{"rendered":"<p>Odpady plastikowe sta\u0142y si\u0119 w ostatnich latach g\u0142\u00f3wnym problemem dla \u015brodowiskowym, przemys\u0142owym i politycznym, zar\u00f3wno w Europie, jak i na&hellip;&nbsp;<a href=\"https:\/\/rescue.erasmus.site\/pl\/2024\/11\/01\/plastic-europe\/\" rel=\"bookmark\">Dowiedz si\u0119 wi\u0119cej &raquo;<span class=\"screen-reader-text\">Plastikowa Europa?<\/span><\/a><\/p>\n","protected":false},"author":1,"featured_media":1529,"comment_status":"closed","ping_status":"closed","sticky":false,"template":"","format":"standard","meta":{"neve_meta_sidebar":"","neve_meta_container":"","neve_meta_enable_content_width":"off","neve_meta_content_width":70,"neve_meta_title_alignment":"","neve_meta_author_avatar":"","neve_post_elements_order":"","neve_meta_disable_header":"","neve_meta_disable_footer":"","neve_meta_disable_title":"","footnotes":""},"categories":[1],"tags":[],"class_list":["post-1528","post","type-post","status-publish","format-standard","has-post-thumbnail","hentry","category-blog"],"_links":{"self":[{"href":"https:\/\/rescue.erasmus.site\/pl\/wp-json\/wp\/v2\/posts\/1528","targetHints":{"allow":["GET"]}}],"collection":[{"href":"https:\/\/rescue.erasmus.site\/pl\/wp-json\/wp\/v2\/posts"}],"about":[{"href":"https:\/\/rescue.erasmus.site\/pl\/wp-json\/wp\/v2\/types\/post"}],"author":[{"embeddable":true,"href":"https:\/\/rescue.erasmus.site\/pl\/wp-json\/wp\/v2\/users\/1"}],"replies":[{"embeddable":true,"href":"https:\/\/rescue.erasmus.site\/pl\/wp-json\/wp\/v2\/comments?post=1528"}],"version-history":[{"count":7,"href":"https:\/\/rescue.erasmus.site\/pl\/wp-json\/wp\/v2\/posts\/1528\/revisions"}],"predecessor-version":[{"id":1805,"href":"https:\/\/rescue.erasmus.site\/pl\/wp-json\/wp\/v2\/posts\/1528\/revisions\/1805"}],"wp:featuredmedia":[{"embeddable":true,"href":"https:\/\/rescue.erasmus.site\/pl\/wp-json\/wp\/v2\/media\/1529"}],"wp:attachment":[{"href":"https:\/\/rescue.erasmus.site\/pl\/wp-json\/wp\/v2\/media?parent=1528"}],"wp:term":[{"taxonomy":"category","embeddable":true,"href":"https:\/\/rescue.erasmus.site\/pl\/wp-json\/wp\/v2\/categories?post=1528"},{"taxonomy":"post_tag","embeddable":true,"href":"https:\/\/rescue.erasmus.site\/pl\/wp-json\/wp\/v2\/tags?post=1528"}],"curies":[{"name":"wp","href":"https:\/\/api.w.org\/{rel}","templated":true}]}}